{"id":956,"date":"2025-01-28T13:00:11","date_gmt":"2025-01-28T12:00:11","guid":{"rendered":"https:\/\/espacefrossard.fr\/?p=956"},"modified":"2026-04-10T22:44:00","modified_gmt":"2026-04-10T20:44:00","slug":"commission-activites-27-janvier-2025","status":"publish","type":"post","link":"https:\/\/espacefrossard.fr\/?p=956","title":{"rendered":"Commission activit\u00e9s : 27 janvier 2025"},"content":{"rendered":"\n<h2 class=\"wp-block-heading\">Introduction<\/h2>\n\n\n\n<p>L&#8217;\u00e9quipe du conseil d&#8217;administration se pr\u00e9sente avec Henri Parlier, pr\u00e9sident, R\u00e9mi Cabanac, vice-pr\u00e9sident, Didier Chan\u00e9ac, le nouveau tr\u00e9sorier, St\u00e9phane R\u00e9my , secr\u00e9taire, Nadine Portail, Francis Beigbeder, Claudine Chan\u00e9ac, charg\u00e9e des relations avec la presse (excus\u00e9e).<br>Henri Parlier (en visio), pr\u00e9sident des ATPBB, est en rapport avec Francis Beigbeder pour \u00e9tudier une possibilit\u00e9 d&#8217;installer une rampe d&#8217;acc\u00e8s pour les personnes \u00e0 mobilit\u00e9 r\u00e9duite. Il explique que les adh\u00e9rents qui versent un montant sup\u00e9rieur \u00e0 l&#8217;adh\u00e9sion peuvent b\u00e9n\u00e9ficier d&#8217;un re\u00e7u fiscal \u00e0 condition que ce surplus transite par le Fondation du Protestantisme qui appartient \u00e0 la Fondation de France. Voir le lien sur : <a href=\"https:\/\/espacefrossard.fr\/?page_id=235\">le financement des travaux de restauration<\/a>.<br>St\u00e9phane R\u00e9my, secr\u00e9taire, explique que le temple conserve sa vocation religieuse et que des cultes auront lieu le dimanche de 10h30 \u00e0 11h30, au moins 1 dimanche par mois entre avril et septembre, ce qui n&#8217;emp\u00eache pas aux expositions de rester en place. Il rappelle les priorit\u00e9s des travaux : installation d&#8217;un chauffage, restauration des boiseries des vitraux, rehausse du garde corps de la galerie, travaux des sanitaires. Le versement effectu\u00e9 par la fondation du patrimoine lors de la remise du prix S\u00e9same \u00e0 l&#8217;association nous donne les moyens d&#8217;entamer les travaux. Pour tout utilisateur du temple, <a href=\"https:\/\/espacefrossard.fr\/wp-content\/uploads\/2025\/01\/formulaire-adhesion-ATPBB_2025.pdf\">l&#8217;adh\u00e9sion<\/a> s&#8217;\u00e9l\u00e8ve \u00e0 12 \u20ac. Pour le 1er jour de r\u00e9servation, il est demand\u00e9 50 \u20ac de participation aux frais, puis 12 \u20ac par jour suppl\u00e9mentaire. R\u00e9mi Cabanac, vice-pr\u00e9sident, rapporte le contact \u00e9tabli avec le nouvel architecte des b\u00e2timents de France qui donne des recommandations \u00e0 suivre puisque le temple est inscrit sur la liste des monument historiques.<\/p>\n\n\n\n<h2 class=\"wp-block-heading\">Agenda culturel 2025<\/h2>\n\n\n\n<p>Le tableau ci-dessous est une projection des possibilit\u00e9s. En aucun cas, il ne s&#8217;agit d&#8217;une planification valid\u00e9e par les organisateurs. Les cr\u00e9neaux de date peuvent bouger en fonction de l&#8217;\u00e9tat d&#8217;avancement des projets.<\/p>\n\n\n\n<figure class=\"wp-block-image size-large\"><img fetchpriority=\"high\" decoding=\"async\" width=\"1024\" height=\"764\" src=\"https:\/\/espacefrossard.fr\/wp-content\/uploads\/2025\/01\/Agenda-ATPBB-2025_v6-1024x764.png\" alt=\"\" class=\"wp-image-999\" srcset=\"https:\/\/espacefrossard.fr\/wp-content\/uploads\/2025\/01\/Agenda-ATPBB-2025_v6-1024x764.png 1024w, https:\/\/espacefrossard.fr\/wp-content\/uploads\/2025\/01\/Agenda-ATPBB-2025_v6-300x224.png 300w, https:\/\/espacefrossard.fr\/wp-content\/uploads\/2025\/01\/Agenda-ATPBB-2025_v6-768x573.png 768w, https:\/\/espacefrossard.fr\/wp-content\/uploads\/2025\/01\/Agenda-ATPBB-2025_v6-1536x1146.png 1536w, https:\/\/espacefrossard.fr\/wp-content\/uploads\/2025\/01\/Agenda-ATPBB-2025_v6-1320x985.png 1320w, https:\/\/espacefrossard.fr\/wp-content\/uploads\/2025\/01\/Agenda-ATPBB-2025_v6.png 1548w\" sizes=\"(max-width: 1024px) 100vw, 1024px\" \/><\/figure>\n\n\n\n<h2 class=\"wp-block-heading\">\u00c9v\u00e9nements propos\u00e9s<\/h2>\n\n\n\n<p>1.Jean-Emmanuel Burgos (en visio): Il enseigne la musique depuis longtemps. Il propose un ou deux concerts au printemps et en \u00e9t\u00e9, plut\u00f4t en d\u00e9but de soir\u00e9e vers 19h30. Il est possible qu&#8217;une com\u00e9die musicale puisse \u00eatre pr\u00e9sent\u00e9e par des ados \u00e0 P\u00e2ques.<br>2.Soci\u00e9t\u00e9 Ramond en partenariat \u00e9ventuel avec Binaros. P\u00e9riode : juillet\/ao\u00fbt, 2 ou 3 semaines. Francis Beigbeder, secr\u00e9taire, envisage une exposition autour de Lucien Briet, photographe. Une quarantaine de photographies seront expos\u00e9es par paires : l&#8217;original sera \u00e0 c\u00f4t\u00e9 d&#8217;un photo actuelle. Il y aura aussi un cycle de conf\u00e9rences. Un livre, \u00ab Lucien Briet, voyageur photographe \u00bb a \u00e9t\u00e9 r\u00e9alis\u00e9 par le Parc National des Pyr\u00e9n\u00e9es et l&#8217;association MCA, et il est paru aux \u00e9ditions du Cairn.<br>3.La compagnie Hipotengo pr\u00e9voit une lecture th\u00e9\u00e2tralis\u00e9e sur le th\u00e8me d&#8217;une d\u00e9esse des eaux qui rend visite \u00e0 \u2026 P\u00e9riode : les 20-21 septembre, lors des Journ\u00e9es Europ\u00e9ennes du Patrimoine (JEP).<br>4.La compagnie Hipotengo en partenariat avec l&#8217;association Valentin Ha\u00fcy (avec les aveugles et les malvoyants) feront une exposition lors du bicentenaire de l&#8217;\u00e9criture Braille. P\u00e9riode : du 27 au 29 juin lors de Journ\u00e9es du Patrimoine de Pays et des Moulins (JPPM).<br>5.Mme Martine L\u00e9on, peintre, propose une exposition de tableau sur le th\u00e8me de l&#8217;exode avec des tableaux figuratifs et abstraits. Un coll\u00e8gue sculpteur pourrait \u00e9ventuellement se joindre \u00e0 elle. P\u00e9riode : du samedi 6 au lundi 12 septembre. <br>6.Association L&#8217;Atelier, Arlette Martin, pr\u00e9sidente, propose une exposition des tableaux des membres de l&#8217;association. P\u00e9riode : 1er ao\u00fbt au 10 ao\u00fbt.<br>7.Muriel Cauhap\u00e9 et Arlette Martin, exposition de tableaux sur le th\u00e8me des \u00c9critures \u00ab Logos, glyphes et graphes \u00bb. P\u00e9riode : du vendredi 22 ao\u00fbt au dimanche 31 ao\u00fbt.k,<br>9.Jacques Chochon, de l&#8217;association Aquitania, exposera environ 150 tableaux. P\u00e9riode : deux semaines d\u00e9but juin, ou une semaine en juin et une semaine en septembre.<br>10.Les Maynats : ils ne sont pas repr\u00e9sent\u00e9s \u00e0 la r\u00e9union mais Max Capot a programm\u00e9 sur Bagn\u00e8res, du 12 au 19 septembre, une exposition et une conf\u00e9rence sur le ferroviaire.<br>11.Bertrand Gibert : L&#8217;Espace \u00c9milien Frossard souhaiterait l&#8217;inviter \u00e0 pr\u00e9senter son livre, co-\u00e9crit avec Philippe Fremigier, \u00c9milien Frossard, aux sources du pyr\u00e9n\u00e9isme, aux \u00e9ditions du Cairn.<br>12.Sylvie Jung (en visio), Pr\u00e9sidente SAS Jung, Project Manager, en lien avec des \u00e9coles de Bautzen (Saxe, dans l&#8217;est de l&#8217;Allemagne) et la municipalit\u00e9, de r\u00e9aliser des workshops avec R\u00e9mi Cabanac, d&#8217;autres membres pour faire le lien entre le temple, son fondateur \u00c9milien Frossard (l&#8217;astronome) et la continuit\u00e9 de ce d\u00e9veloppement avec le classement du Pic de Midi de Bigorre et le temple (pr\u00e9servation de ce Patrimoine), avec l&#8217;histoire des protestants. Lorsque le projet sera plus abouti, je reprendrai contact. Une r\u00e9union en municipalit\u00e9 a lieu ce mercredi. Avec la finalit\u00e9, de venir sur place. A construire \u2026 je fais le lien avec Caspar Peucer, le gendre de Philipp Melanchthon, astronome, protestant\u2026 et avec les comp\u00e9tences de R\u00e9mi Cabanac. Il s&#8217;agit de faire des liens entre un pass\u00e9, des territoires et le d\u00e9veloppement actuel pour permettre un futur \u00e0 nos jeunes.<\/p>\n\n\n\n<h2 class=\"wp-block-heading\">Les journ\u00e9es du patrimoine<\/h2>\n\n\n\n<p>\u27a2Les <a href=\"https:\/\/www.patrimoinedepays-moulins.org\/\">Journ\u00e9es du Patrimoine de Pays et des Moulins<\/a> (JPPM) : du 27 au29 juin sur le th\u00e8me \u00ab Terre \u00e0 terre \u00bb.<br>\u27a2Les Journ\u00e9es Europ\u00e9ennes du Patrimoine (JEP) : les 20 et 21 septembre.<\/p>\n\n\n\n<p><\/p>\n","protected":false},"excerpt":{"rendered":"<p>Introduction L&#8217;\u00e9quipe du conseil d&#8217;administration se pr\u00e9sente avec Henri Parlier, pr\u00e9sident, R\u00e9mi Cabanac, vice-pr\u00e9sident, Didier Chan\u00e9ac, le nouveau tr\u00e9sorier, St\u00e9phane R\u00e9my , secr\u00e9taire, Nadine Portail, Francis Beigbeder, Claudine Chan\u00e9ac, charg\u00e9e [&hellip;]<\/p>\n","protected":false},"author":1,"featured_media":959,"comment_status":"closed","ping_status":"open","sticky":false,"template":"","format":"standard","meta":{"site-sidebar-layout":"default","site-content-layout":"","ast-site-content-layout":"default","site-content-style":"default","site-sidebar-style":"default","ast-global-header-display":"","ast-banner-title-visibility":"","ast-main-header-display":"","ast-hfb-above-header-display":"","ast-hfb-below-header-display":"","ast-hfb-mobile-header-display":"","site-post-title":"","ast-breadcrumbs-content":"","ast-featured-img":"","footer-sml-layout":"","ast-disable-related-posts":"","theme-transparent-header-meta":"","adv-header-id-meta":"","stick-header-meta":"","header-above-stick-meta":"","header-main-stick-meta":"","header-below-stick-meta":"","astra-migrate-meta-layouts":"default","ast-page-background-enabled":"default","ast-page-background-meta":{"desktop":{"background-color":"var(--ast-global-color-4)","background-image":"","background-repeat":"repeat","background-position":"center center","background-size":"auto","background-attachment":"scroll","background-type":"","background-media":"","overlay-type":"","overlay-color":"","overlay-opacity":"","overlay-gradient":""},"tablet":{"background-color":"","background-image":"","background-repeat":"repeat","background-position":"center center","background-size":"auto","background-attachment":"scroll","background-type":"","background-media":"","overlay-type":"","overlay-color":"","overlay-opacity":"","overlay-gradient":""},"mobile":{"background-color":"","background-image":"","background-repeat":"repeat","background-position":"center center","background-size":"auto","background-attachment":"scroll","background-type":"","background-media":"","overlay-type":"","overlay-color":"","overlay-opacity":"","overlay-gradient":""}},"ast-content-background-meta":{"desktop":{"background-color":"var(--ast-global-color-5)","background-image":"","background-repeat":"repeat","background-position":"center center","background-size":"auto","background-attachment":"scroll","background-type":"","background-media":"","overlay-type":"","overlay-color":"","overlay-opacity":"","overlay-gradient":""},"tablet":{"background-color":"var(--ast-global-color-5)","background-image":"","background-repeat":"repeat","background-position":"center center","background-size":"auto","background-attachment":"scroll","background-type":"","background-media":"","overlay-type":"","overlay-color":"","overlay-opacity":"","overlay-gradient":""},"mobile":{"background-color":"var(--ast-global-color-5)","background-image":"","background-repeat":"repeat","background-position":"center center","background-size":"auto","background-attachment":"scroll","background-type":"","background-media":"","overlay-type":"","overlay-color":"","overlay-opacity":"","overlay-gradient":""}},"footnotes":""},"categories":[7],"tags":[],"class_list":["post-956","post","type-post","status-publish","format-standard","has-post-thumbnail","hentry","category-activites-passees"],"_links":{"self":[{"href":"https:\/\/espacefrossard.fr\/index.php?rest_route=\/wp\/v2\/posts\/956","targetHints":{"allow":["GET"]}}],"collection":[{"href":"https:\/\/espacefrossard.fr\/index.php?rest_route=\/wp\/v2\/posts"}],"about":[{"href":"https:\/\/espacefrossard.fr\/index.php?rest_route=\/wp\/v2\/types\/post"}],"author":[{"embeddable":true,"href":"https:\/\/espacefrossard.fr\/index.php?rest_route=\/wp\/v2\/users\/1"}],"replies":[{"embeddable":true,"href":"https:\/\/espacefrossard.fr\/index.php?rest_route=%2Fwp%2Fv2%2Fcomments&post=956"}],"version-history":[{"count":4,"href":"https:\/\/espacefrossard.fr\/index.php?rest_route=\/wp\/v2\/posts\/956\/revisions"}],"predecessor-version":[{"id":1000,"href":"https:\/\/espacefrossard.fr\/index.php?rest_route=\/wp\/v2\/posts\/956\/revisions\/1000"}],"wp:featuredmedia":[{"embeddable":true,"href":"https:\/\/espacefrossard.fr\/index.php?rest_route=\/wp\/v2\/media\/959"}],"wp:attachment":[{"href":"https:\/\/espacefrossard.fr\/index.php?rest_route=%2Fwp%2Fv2%2Fmedia&parent=956"}],"wp:term":[{"taxonomy":"category","embeddable":true,"href":"https:\/\/espacefrossard.fr\/index.php?rest_route=%2Fwp%2Fv2%2Fcategories&post=956"},{"taxonomy":"post_tag","embeddable":true,"href":"https:\/\/espacefrossard.fr\/index.php?rest_route=%2Fwp%2Fv2%2Ftags&post=956"}],"curies":[{"name":"wp","href":"https:\/\/api.w.org\/{rel}","templated":true}]}}