{"id":1038,"date":"2025-06-28T16:13:55","date_gmt":"2025-06-28T14:13:55","guid":{"rendered":"https:\/\/espacefrossard.fr\/?p=1038"},"modified":"2026-03-09T16:26:55","modified_gmt":"2026-03-09T15:26:55","slug":"exposition-lucien-briet","status":"publish","type":"post","link":"https:\/\/espacefrossard.fr\/?p=1038","title":{"rendered":"Exposition Les Pyr\u00e9n\u00e9es sans Briet, 100 ann\u00e9es de transformations du paysage"},"content":{"rendered":"\n<figure class=\"wp-block-image aligncenter size-full\"><img fetchpriority=\"high\" decoding=\"async\" width=\"461\" height=\"220\" src=\"https:\/\/espacefrossard.fr\/wp-content\/uploads\/2025\/06\/Ramond_Binaros.png\" alt=\"\" class=\"wp-image-1041\" srcset=\"https:\/\/espacefrossard.fr\/wp-content\/uploads\/2025\/06\/Ramond_Binaros.png 461w, https:\/\/espacefrossard.fr\/wp-content\/uploads\/2025\/06\/Ramond_Binaros-300x143.png 300w\" sizes=\"(max-width: 461px) 100vw, 461px\" \/><\/figure>\n\n\n\n<h2 class=\"wp-block-heading\"><strong>Les Pyr\u00e9n\u00e9es sans Briet, 100 ann\u00e9es de transformations du paysage<\/strong><\/h2>\n\n\n\n<p><\/p>\n\n\n\n<h3 class=\"wp-block-heading\"><strong>3 au 23 Juillet 2025, Espace \u00c9milien Frossard, 2 av. Prosper Nogu\u00e8s, Bagn\u00e8res-de-Bigorre<\/strong><\/h3>\n\n\n\n<p class=\"has-text-align-left\">Il s\u2019agit de la pr\u00e9sentation de 21 photographies de Lucien Briet en grande format et des photographies actuelles correspondantes prises dans le m\u00eame cadre par \u00c1nchel Belmonte Ribas, coordinateur scientifique du Geoparque Sobrarbe-Pirineos. La comparaison des images permet d\u2019appr\u00e9cier les changements survenus suite \u00e0 des processus climatiques ou g\u00e9ologiques.<\/p>\n\n\n\n<figure class=\"wp-block-image aligncenter size-full\"><img decoding=\"async\" width=\"962\" height=\"541\" src=\"https:\/\/espacefrossard.fr\/wp-content\/uploads\/2025\/06\/Ramond_expo-Lucien-Briet.png\" alt=\"\" class=\"wp-image-1043\" srcset=\"https:\/\/espacefrossard.fr\/wp-content\/uploads\/2025\/06\/Ramond_expo-Lucien-Briet.png 962w, https:\/\/espacefrossard.fr\/wp-content\/uploads\/2025\/06\/Ramond_expo-Lucien-Briet-300x169.png 300w, https:\/\/espacefrossard.fr\/wp-content\/uploads\/2025\/06\/Ramond_expo-Lucien-Briet-768x432.png 768w\" sizes=\"(max-width: 962px) 100vw, 962px\" \/><\/figure>\n\n\n\n<p>Cette exposition a \u00e9t\u00e9 r\u00e9alis\u00e9e par le Geoparque Mundial UNESCO Sobrarbe-Pirineos et financ\u00e9e par la Diputac\u00edon Provincial de Huesca et la Comarca de Sobrarbe, avec la collaboration du Mus\u00e9e de Lourdes qui conserve les archives de Lucien Briet.<\/p>\n\n\n\n<p>Des conf\u00e9rences et la pr\u00e9sentation du livre <em>El Pirineo Sin Briet<\/em> de \u00c1nchel Belmonte Ribas et Lise Laporte seront donn\u00e9es dans la p\u00e9riode de l\u2019exposition.<\/p>\n\n\n\n<h2 class=\"wp-block-heading has-text-align-center\"><strong>Conf\u00e9rence de Bertrand Gibert organis\u00e9e par la Soci\u00e9t\u00e9 Ramond<\/strong><\/h2>\n\n\n\n<h2 class=\"wp-block-heading has-text-align-center\"><strong>\u00ab&nbsp;\u00c9milien Frossard, pasteur de Bagn\u00e8res et ap\u00f4tre des Pyr\u00e9n\u00e9es&nbsp;\u00bb<\/strong><\/h2>\n\n\n\n<h2 class=\"wp-block-heading has-text-align-center\"><strong>jeudi 17 juillet \u00e0 17 h<\/strong><\/h2>\n\n\n\n<p>Le pasteur \u00c9milien Frossard (1802-1881) consacra la majeure partie de sa vie au service de sa ville d\u2019adoption, Bagn\u00e8res-de-Bigorre, ainsi qu\u2019\u00e0 la connaissance et au rayonnement de la montagne pyr\u00e9n\u00e9enne&nbsp;: son action sociale, ses travaux scientifiques, sa production artistique en constituent, avec la cr\u00e9ation de la Soci\u00e9t\u00e9 Ramond, un t\u00e9moignage exceptionnel.<\/p>\n\n\n\n<p>Bertrand Gibert et Philippe Fermigier sont les auteurs du livre <a href=\"https:\/\/www.editions-cairn.fr\/fr\/nos-livres\/2572-emilien-frossard-aux-sources-du-pyreneisme-9791070064122.html\">\u00c9milien<\/a><a href=\"https:\/\/www.editions-cairn.fr\/fr\/nos-livres\/2572-emilien-frossard-aux-sources-du-pyreneisme-9791070064122.html\"><em> Frossard, aux sources du Pyr\u00e9n\u00e9isme<\/em><\/a><a href=\"https:\/\/www.editions-cairn.fr\/fr\/nos-livres\/2572-emilien-frossard-aux-sources-du-pyreneisme-9791070064122.html\">, Cairn, 2024<\/a><\/p>\n\n\n\n<figure class=\"wp-block-image size-full is-resized\"><img decoding=\"async\" width=\"790\" height=\"976\" src=\"https:\/\/espacefrossard.fr\/wp-content\/uploads\/2025\/06\/Emilien-Frossard.jpg\" alt=\"\" class=\"wp-image-1042\" style=\"width:346px;height:auto\" srcset=\"https:\/\/espacefrossard.fr\/wp-content\/uploads\/2025\/06\/Emilien-Frossard.jpg 790w, https:\/\/espacefrossard.fr\/wp-content\/uploads\/2025\/06\/Emilien-Frossard-243x300.jpg 243w, https:\/\/espacefrossard.fr\/wp-content\/uploads\/2025\/06\/Emilien-Frossard-768x949.jpg 768w\" sizes=\"(max-width: 790px) 100vw, 790px\" \/><\/figure>\n\n\n\n<p class=\"has-text-align-center\"><br>pasteur \u00c9milien Frossard   &#8211;   Album Frossard AD65<\/p>\n\n\n\n<h2 class=\"wp-block-heading has-text-align-center\">Une conf\u00e9rence est pr\u00e9vue cet automne (date \u00e0 d\u00e9finir), par Jean-Paul M\u00e9taili\u00e9, Universit\u00e9 de Toulouse<\/h2>\n","protected":false},"excerpt":{"rendered":"<p>Les Pyr\u00e9n\u00e9es sans Briet, 100 ann\u00e9es de transformations du paysage 3 au 23 Juillet 2025, Espace \u00c9milien Frossard, 2 av. Prosper Nogu\u00e8s, Bagn\u00e8res-de-Bigorre Il s\u2019agit de la pr\u00e9sentation de 21 [&hellip;]<\/p>\n","protected":false},"author":1,"featured_media":1044,"comment_status":"closed","ping_status":"open","sticky":false,"template":"","format":"standard","meta":{"site-sidebar-layout":"default","site-content-layout":"","ast-site-content-layout":"default","site-content-style":"default","site-sidebar-style":"default","ast-global-header-display":"","ast-banner-title-visibility":"","ast-main-header-display":"","ast-hfb-above-header-display":"","ast-hfb-below-header-display":"","ast-hfb-mobile-header-display":"","site-post-title":"","ast-breadcrumbs-content":"","ast-featured-img":"","footer-sml-layout":"","ast-disable-related-posts":"","theme-transparent-header-meta":"","adv-header-id-meta":"","stick-header-meta":"","header-above-stick-meta":"","header-main-stick-meta":"","header-below-stick-meta":"","astra-migrate-meta-layouts":"default","ast-page-background-enabled":"default","ast-page-background-meta":{"desktop":{"background-color":"var(--ast-global-color-4)","background-image":"","background-repeat":"repeat","background-position":"center center","background-size":"auto","background-attachment":"scroll","background-type":"","background-media":"","overlay-type":"","overlay-color":"","overlay-opacity":"","overlay-gradient":""},"tablet":{"background-color":"","background-image":"","background-repeat":"repeat","background-position":"center center","background-size":"auto","background-attachment":"scroll","background-type":"","background-media":"","overlay-type":"","overlay-color":"","overlay-opacity":"","overlay-gradient":""},"mobile":{"background-color":"","background-image":"","background-repeat":"repeat","background-position":"center center","background-size":"auto","background-attachment":"scroll","background-type":"","background-media":"","overlay-type":"","overlay-color":"","overlay-opacity":"","overlay-gradient":""}},"ast-content-background-meta":{"desktop":{"background-color":"var(--ast-global-color-5)","background-image":"","background-repeat":"repeat","background-position":"center center","background-size":"auto","background-attachment":"scroll","background-type":"","background-media":"","overlay-type":"","overlay-color":"","overlay-opacity":"","overlay-gradient":""},"tablet":{"background-color":"var(--ast-global-color-5)","background-image":"","background-repeat":"repeat","background-position":"center center","background-size":"auto","background-attachment":"scroll","background-type":"","background-media":"","overlay-type":"","overlay-color":"","overlay-opacity":"","overlay-gradient":""},"mobile":{"background-color":"var(--ast-global-color-5)","background-image":"","background-repeat":"repeat","background-position":"center center","background-size":"auto","background-attachment":"scroll","background-type":"","background-media":"","overlay-type":"","overlay-color":"","overlay-opacity":"","overlay-gradient":""}},"footnotes":""},"categories":[7,1],"tags":[],"class_list":["post-1038","post","type-post","status-publish","format-standard","has-post-thumbnail","hentry","category-activites-passees","category-non-classe"],"_links":{"self":[{"href":"https:\/\/espacefrossard.fr\/index.php?rest_route=\/wp\/v2\/posts\/1038","targetHints":{"allow":["GET"]}}],"collection":[{"href":"https:\/\/espacefrossard.fr\/index.php?rest_route=\/wp\/v2\/posts"}],"about":[{"href":"https:\/\/espacefrossard.fr\/index.php?rest_route=\/wp\/v2\/types\/post"}],"author":[{"embeddable":true,"href":"https:\/\/espacefrossard.fr\/index.php?rest_route=\/wp\/v2\/users\/1"}],"replies":[{"embeddable":true,"href":"https:\/\/espacefrossard.fr\/index.php?rest_route=%2Fwp%2Fv2%2Fcomments&post=1038"}],"version-history":[{"count":4,"href":"https:\/\/espacefrossard.fr\/index.php?rest_route=\/wp\/v2\/posts\/1038\/revisions"}],"predecessor-version":[{"id":1063,"href":"https:\/\/espacefrossard.fr\/index.php?rest_route=\/wp\/v2\/posts\/1038\/revisions\/1063"}],"wp:featuredmedia":[{"embeddable":true,"href":"https:\/\/espacefrossard.fr\/index.php?rest_route=\/wp\/v2\/media\/1044"}],"wp:attachment":[{"href":"https:\/\/espacefrossard.fr\/index.php?rest_route=%2Fwp%2Fv2%2Fmedia&parent=1038"}],"wp:term":[{"taxonomy":"category","embeddable":true,"href":"https:\/\/espacefrossard.fr\/index.php?rest_route=%2Fwp%2Fv2%2Fcategories&post=1038"},{"taxonomy":"post_tag","embeddable":true,"href":"https:\/\/espacefrossard.fr\/index.php?rest_route=%2Fwp%2Fv2%2Ftags&post=1038"}],"curies":[{"name":"wp","href":"https:\/\/api.w.org\/{rel}","templated":true}]}}